{"id":1441,"date":"2012-09-18T12:42:04","date_gmt":"2012-09-18T10:42:04","guid":{"rendered":"http:\/\/tischtennis-langenargen.de\/?p=1441"},"modified":"2013-01-10T07:44:28","modified_gmt":"2013-01-10T06:44:28","slug":"tischtennis-saison-2012-2013","status":"publish","type":"post","link":"https:\/\/tischtennis-langenargen.de\/?p=1441","title":{"rendered":"Saisonstart 2012 \/ 2013"},"content":{"rendered":"<p>Die erste Veranstaltung in der neuen Saison hat die Abteilung Tischtennis des TV02 Langenargen schon erfolgreich durchgef\u00fchrt. Zum 8. Mal fand unser beliebtes Jugendcamp Ende August statt. Weiter geht es mit den 9. LA Open, an dem schon traditionellen 3. Oktober.<!--more--> Bei attraktiven Preisgeldern k\u00e4mpfen viele aus Nah und Fern, um sich kurz nach dem Saisonstart mit starken Gegnern zu messen. Die diesj\u00e4hrige LA Open finden wieder in der Sporthalle im Sportzentrum statt. Zuschauer sind nat\u00fcrlich herzlich willkommen.<\/p>\n<p>Die Teams stellen sich vor:<\/p>\n<p>Herren I<\/p>\n<p>Eine besondere \u00dcberraschung erfuhr die erste Herrenmannschaft, nachdem am &#8222;gr\u00fcnen Tisch&#8220;\u00a0 doch noch der Aufstieg in die Bezirksklasse gegl\u00fcckt ist. Dar\u00fcber freute sich die Mannschaft ungemein, weil sie die letzte Saison mit einem hervorragenden aber undankbaren zweiten Platz abschloss und nur der Erstplatzierte regul\u00e4r aufsteigen konnte. In der letzten Saison stand neben dem Wettkampf auch der Spa\u00df im Vordergrund. In der Bezirksklasse weht nun ein anderer Wind. Hier muss die Mannschaft ihr ganzes K\u00f6nnen unter Beweis stellen. Ziel soll der Klassenerhalt sein.<\/p>\n<p>Herren II<\/p>\n<p>Ein weiterer Aufstieg gelang der zweiten Mannschaft. Diese darf nach dem sofortigen Wiederaufstieg wieder in der Kreisliga B antreten. Hier treffen die Spieler auf &#8222;alte&#8220; Bekannte. Wie f\u00fcr die &#8222;Erste&#8220; wird es auch die &#8222;Zweite&#8220; nicht leicht den Klassenerhalt zu erreichen. Umso wichtiger wird es sein, dass die Mannschaft in ihrer st\u00e4rksten Aufstellung antreten kann.<\/p>\n<p>Herren III<\/p>\n<p>Auch in der Kreisklasse C gab es nur einen Aufsteiger. Diesen Platz schnappte sich der VFB Friedrichshafen am letzten Spieltag, in einer sonst tollen Saison, im Spitzenspiel in Langenargen. Deshalb wird wieder ein vorderer Platz angestrebt. &#8222;Wenn wir komplett sind, brauchen wir uns vor keinem Gegner verstecken&#8220;, versprach Mannschaftsf\u00fchrer Jens Gerhart.<\/p>\n<p>Herren IV<\/p>\n<p>Am schwersten hat es die 4. Mannschaft. Zusammen mit der Dritten in der Kreisklasse C, m\u00fcssen immer wieder Spieler bei den anderen Mannschaften aushelfen. Trotzdem sind die Spieler zuversichtlich, dass wieder spannende Spiele stattfinden werden.<\/p>\n<p>Damen I<\/p>\n<p>Bei den Damen werden spannende Spiele um die vorderen Pl\u00e4tze erwartet. Mit etwas Gl\u00fcck ist ein Tabellenplatz im oberen Drittel m\u00f6glich.<\/p>\n<p>Unsere Jugend<\/p>\n<p>Die Jugend ist unsere Zukunft, auch die eines Vereins. Sie zu f\u00f6rdern muss das Ziel jedes Vereins sein. Seit Jahrzehnten stecken wir unsere Energie, allen voran unser Jugendleiter, in das behutsame Heranf\u00fchren von absoluten Anf\u00e4ngern, zu Aktiven im Jugendbereich bis hin zu Leistungstr\u00e4gern bei den Erwachsenen. Wir wissen alle, dass das ausgebrachte &#8222;Saatgut&#8220; und die f\u00fcrsorgliche jahrelange Pflege der jungen &#8222;Pflanze&#8220; nicht immer im eigenen Verein Fr\u00fcchte tr\u00e4gt. Nach der schulischen Ausbildung zieht es viele weg von der Heimat in die Berufsausbildung. Damit ist auch f\u00fcr einige Zeit Schluss mit Tischtennis. Andere zieht es zu h\u00f6herklassig spielenden Vereinen. Damit muss aber jeder Verein leben.<\/p>\n<p>Auch f\u00fcr die kommende Saison gab es wieder gr\u00f6\u00dfere \u00c4nderungen. An den Start gehen eine U18 und U18 II. Zus\u00e4tzlich wurde auch eine M\u00e4dchenmannschaft f\u00fcr U18 gemeldet. Gro\u00dfe Erwartungen liegen bei Joy Ron Michel und Anja Hafner, die ihr K\u00f6nnen in der ersten Jugendmannschaft unter Beweis stellen. In der Zweiten sind einige neue Spieler(innen) aufgestellt, die teilweise zum ersten Mal am aktiven Spielbetrieb teilnehmen.<\/p>\n<p>Alle weiteren Veranstaltungen mit Terminen und auch die aktuellen Mannschaftsaufstellungen sind auf der Homepage der Abteilung Tischtennis zu finden.<\/p>\n<p>Jochen Blankenhorn \/ Joachim Weber<\/p>\n","protected":false},"excerpt":{"rendered":"<p>Die erste Veranstaltung in der neuen Saison hat die Abteilung Tischtennis des TV02 Langenargen schon erfolgreich durchgef\u00fchrt. Zum 8. Mal fand unser beliebtes Jugendcamp Ende August statt. Weiter geht es <a class=\"more-link\" href=\"https:\/\/tischtennis-langenargen.de\/?p=1441\">Weiterlesen\u00a0\u2026<\/a><\/p>\n","protected":false},"author":4,"featured_media":0,"comment_status":"closed","ping_status":"closed","sticky":false,"template":"","format":"standard","meta":{"_price":"","_stock":"","_tribe_ticket_header":"","_tribe_default_ticket_provider":"","_tribe_ticket_capacity":"0","_ticket_start_date":"","_ticket_end_date":"","_tribe_ticket_show_description":"","_tribe_ticket_show_not_going":false,"_tribe_ticket_use_global_stock":"","_tribe_ticket_global_stock_level":"","_global_stock_mode":"","_global_stock_cap":"","_tribe_rsvp_for_event":"","_tribe_ticket_going_count":"","_tribe_ticket_not_going_count":"","_tribe_tickets_list":"[]","_tribe_ticket_has_attendee_info_fields":false,"footnotes":""},"categories":[5],"tags":[],"class_list":["post-1441","post","type-post","status-publish","format-standard","hentry","category-spielberichte"],"_links":{"self":[{"href":"https:\/\/tischtennis-langenargen.de\/index.php?rest_route=\/wp\/v2\/posts\/1441","targetHints":{"allow":["GET"]}}],"collection":[{"href":"https:\/\/tischtennis-langenargen.de\/index.php?rest_route=\/wp\/v2\/posts"}],"about":[{"href":"https:\/\/tischtennis-langenargen.de\/index.php?rest_route=\/wp\/v2\/types\/post"}],"author":[{"embeddable":true,"href":"https:\/\/tischtennis-langenargen.de\/index.php?rest_route=\/wp\/v2\/users\/4"}],"replies":[{"embeddable":true,"href":"https:\/\/tischtennis-langenargen.de\/index.php?rest_route=%2Fwp%2Fv2%2Fcomments&post=1441"}],"version-history":[{"count":5,"href":"https:\/\/tischtennis-langenargen.de\/index.php?rest_route=\/wp\/v2\/posts\/1441\/revisions"}],"predecessor-version":[{"id":2059,"href":"https:\/\/tischtennis-langenargen.de\/index.php?rest_route=\/wp\/v2\/posts\/1441\/revisions\/2059"}],"wp:attachment":[{"href":"https:\/\/tischtennis-langenargen.de\/index.php?rest_route=%2Fwp%2Fv2%2Fmedia&parent=1441"}],"wp:term":[{"taxonomy":"category","embeddable":true,"href":"https:\/\/tischtennis-langenargen.de\/index.php?rest_route=%2Fwp%2Fv2%2Fcategories&post=1441"},{"taxonomy":"post_tag","embeddable":true,"href":"https:\/\/tischtennis-langenargen.de\/index.php?rest_route=%2Fwp%2Fv2%2Ftags&post=1441"}],"curies":[{"name":"wp","href":"https:\/\/api.w.org\/{rel}","templated":true}]}}