{"id":1683,"date":"2006-10-20T17:01:28","date_gmt":"2006-10-20T15:01:28","guid":{"rendered":"http:\/\/tischtennis-langenargen.de\/?p=1683"},"modified":"2013-01-10T07:43:05","modified_gmt":"2013-01-10T06:43:05","slug":"la-open-2006-bericht-schwaebische-zeitung","status":"publish","type":"post","link":"https:\/\/tischtennis-langenargen.de\/?p=1683","title":{"rendered":"LA-Open 2006: Bericht Schwaebische Zeitung"},"content":{"rendered":"<p><strong>Die LA-Open-Macher beweisen Organisationsgeschick<\/strong><\/p>\n<p><strong>LANGENARGEN (jgp) \u2013 Haben die Organisatoren von der Langenargener Tischtennis-Abteilung am Wochenende noch auf etwas mehr als die bis Samstag gemeldeten 100 Teilnehmer gehofft, konnten sie sich am Dienstag vor Startern kaum retten. So viele waren es, dass man in die Turn- und Festhalle ausweichen musste.<\/strong><\/p>\n<p>\u201eWir sind noch regelrecht \u00fcberfallen worden\u201c, berichtet Markus Noger. Der Abteilungsleiter kann es selbst kaum glauben, dass aus gut 100 Startern am Samstag Nachmittag bis Sonntag Abend 177 wurden. Damit hatte in Langenargen nat\u00fcrlich niemand gerechnet, und es waren auch zu viele f\u00fcr die organisierten zwanzig Platten in der Sporthalle.<\/p>\n<p>Am Sonntagabend setzten sich die Organisatoren also zusammen und t\u00fcftelten einen neuen Plan aus. Und der ging so: Der komplette Klasse-B-Wettbewerb wird in der Turn- und Festhalle ausgetragen; Tische und anderes Material kommen per LKW aus Meckenbeuren, es gibt einen Shuttle-Bus zwischen Fest- und Sporthalle. \u201eEin hei\u00dfer logistischer Aufwand\u201c, berichtet Noger, aber er und sein Team haben es geschafft: einen Wettbewerb mit Rekordgr\u00f6\u00dfe durchgezogen, und das quasi aus dem Stegreif.<\/p>\n<p>Bis in die sp\u00e4ten Abendstunden wurde folgerichtig am Dienstagabend gespielt; Siegerehrung war kurz vor elf. Und wer da auf dem Podium stand! Sieger in der A-Klasse wurde Orvidio Ionescu, der seinen Wettbewerb dominiert hatte. Der Ochsenhausener Verbandsliga-Spieler, der auf dem Sprung ins Profilager ist, besiegte im Finale Pedro Pelz aus Neuhausen (Schweizer A-Liga) mit 3:0 und holte sich den verdienten Gesamtsieg.<\/p>\n<p>Eine echte Sensation gab\u2019s im A-Klasse-Doppel. Thomas Br\u00fcchle und Daniel Rupflin von der TSG Zech besiegten da die Ochsenhausener Orvidio Ionescu und Thomas Ludwig 3:2. Hilfreich war da eine Sonderregelung: Weil Thomas Br\u00fcchle Rollstuhlfahrer ist, d\u00fcrfen beide Spieler beliebig oft hintereinander Schlagen. So konnte jeder sein Eck abdecken; die Ochsenhausener Verbandsliga-Recken kamen damit \u00fcberhaupt nicht zurecht und mussten sich geschlagen geben.<\/p>\n<p>Es waren also jene hochklassigen Spiele, die sich die Langenargener Tischtennisabteilung gew\u00fcnscht hatte. Im dritten Jahr ihres Bestehens scheint den LA Open der Durchbruch endg\u00fcltig gelungen zu sein. Und auch die G\u00e4ste aus Nah und Fern, besonders vom Schweizer Meister Neuhausen, d\u00fcrften wiederkommen \u2013 nicht nur, weil mit Laura Scherrer eine Starterin das Damen-Doppel in der A-Klasse (gemeinsam mit Silke Wiedeman aus Amtzell) gewann.<\/p>\n<p>\u201eWir hatten dieses Jahr eine absolute Rekordbeteiligung, 50 Starter mehr als letztes Jahr\u201c,\u00a0 zeigte sich Markus Noger am sp\u00e4ten Dienstagabend begeistert. Aller guten Dinge sind eben drei, auch wenn dieser \u201eGewaltakt\u201c (Noger) arg kurzfristig kam. Im kommenden Jahr m\u00f6chten sich die Organisatoren deshalb fr\u00fchzeitig auf den hoffentlich erneut starken Starterandrang einstellen.<\/p>\n<p>Von<\/p>\n<p><strong>Jan Georg Plavec<\/strong><\/p>\n","protected":false},"excerpt":{"rendered":"<p>Die LA-Open-Macher beweisen Organisationsgeschick LANGENARGEN (jgp) \u2013 Haben die Organisatoren von der Langenargener Tischtennis-Abteilung am Wochenende noch auf etwas mehr als die bis Samstag gemeldeten 100 Teilnehmer gehofft, konnten sie <a class=\"more-link\" href=\"https:\/\/tischtennis-langenargen.de\/?p=1683\">Weiterlesen\u00a0\u2026<\/a><\/p>\n","protected":false},"author":4,"featured_media":0,"comment_status":"closed","ping_status":"closed","sticky":false,"template":"","format":"standard","meta":{"_price":"","_stock":"","_tribe_ticket_header":"","_tribe_default_ticket_provider":"","_tribe_ticket_capacity":"0","_ticket_start_date":"","_ticket_end_date":"","_tribe_ticket_show_description":"","_tribe_ticket_show_not_going":false,"_tribe_ticket_use_global_stock":"","_tribe_ticket_global_stock_level":"","_global_stock_mode":"","_global_stock_cap":"","_tribe_rsvp_for_event":"","_tribe_ticket_going_count":"","_tribe_ticket_not_going_count":"","_tribe_tickets_list":"[]","_tribe_ticket_has_attendee_info_fields":false,"footnotes":""},"categories":[12],"tags":[],"class_list":["post-1683","post","type-post","status-publish","format-standard","hentry","category-la-open"],"_links":{"self":[{"href":"https:\/\/tischtennis-langenargen.de\/index.php?rest_route=\/wp\/v2\/posts\/1683","targetHints":{"allow":["GET"]}}],"collection":[{"href":"https:\/\/tischtennis-langenargen.de\/index.php?rest_route=\/wp\/v2\/posts"}],"about":[{"href":"https:\/\/tischtennis-langenargen.de\/index.php?rest_route=\/wp\/v2\/types\/post"}],"author":[{"embeddable":true,"href":"https:\/\/tischtennis-langenargen.de\/index.php?rest_route=\/wp\/v2\/users\/4"}],"replies":[{"embeddable":true,"href":"https:\/\/tischtennis-langenargen.de\/index.php?rest_route=%2Fwp%2Fv2%2Fcomments&post=1683"}],"version-history":[{"count":6,"href":"https:\/\/tischtennis-langenargen.de\/index.php?rest_route=\/wp\/v2\/posts\/1683\/revisions"}],"predecessor-version":[{"id":1976,"href":"https:\/\/tischtennis-langenargen.de\/index.php?rest_route=\/wp\/v2\/posts\/1683\/revisions\/1976"}],"wp:attachment":[{"href":"https:\/\/tischtennis-langenargen.de\/index.php?rest_route=%2Fwp%2Fv2%2Fmedia&parent=1683"}],"wp:term":[{"taxonomy":"category","embeddable":true,"href":"https:\/\/tischtennis-langenargen.de\/index.php?rest_route=%2Fwp%2Fv2%2Fcategories&post=1683"},{"taxonomy":"post_tag","embeddable":true,"href":"https:\/\/tischtennis-langenargen.de\/index.php?rest_route=%2Fwp%2Fv2%2Ftags&post=1683"}],"curies":[{"name":"wp","href":"https:\/\/api.w.org\/{rel}","templated":true}]}}