{"id":4776,"date":"2016-09-27T22:59:24","date_gmt":"2016-09-27T20:59:24","guid":{"rendered":"http:\/\/tischtennis-langenargen.de\/?p=4776"},"modified":"2016-09-27T23:01:20","modified_gmt":"2016-09-27T21:01:20","slug":"erste-siegreich-zum-auftakt","status":"publish","type":"post","link":"https:\/\/tischtennis-langenargen.de\/?p=4776","title":{"rendered":"\u201eErste\u201c siegreich zum Auftakt"},"content":{"rendered":"<p style=\"text-align: left;\">Nach verlorener Relegation letzten April musste um den Klassenerhalt der ersten Mannschaft des TV 02 Langenargen lange gebangt werden. Da aus der h\u00f6heren Bezirksliga niemand in den Bezirk Allg\u00e4u \/ Bodensee abstieg blieb die \u201eErste\u201c letztlich in der Bezirksklasse. Zum Hinrundenauftakt kam nun der SSV Kau ins Sportzentrum zum kleinen Derby.<!--more--><\/p>\n<p style=\"text-align: left;\">Nachdem nur das Einser-Doppel um Gerhard Sauter und Ralf Cornelssen erfolgreich war, wird es auch in den kommenden Wochen noch Gespr\u00e4chsbedarf um die Doppelaufstellung geben. Jedoch sp\u00e4testens zu den Einzeln drehten die Langenargen m\u00e4chtig auf. Sowohl G. Sauter gegen Simon R\u00f6sch, als auch R. Cornelssen gegen Markus Eser, einen der besten Spieler der Liga, zeigten sehenswerte Ballwechsel und brachten den TVL erstmals 3:2 in F\u00fchrung. Im Anschluss konnten die Langenargener mit Matthias Wieland und Peter Schnitt weiter punkten, mussten jedoch auch Niederlagen von Michael Brendle, Volker Enzenh\u00f6fer und Gerhard Sauter zum zwischenzeitlichen 5:5 hinnehmen. Im Match des Tages standen sich R. Cornelssen und S. R\u00f6sch gegen\u00fcber. In einem absoluten Krimi hatten im Entscheidungssatz beide mehrere Matchb\u00e4lle. Am Ende holte sich R. Cornelssen mit 15:13 den Big Point. Befl\u00fcgelt von diesem Erfolg konnte auch das mittlere Paarkreuz mit M. Brendle und M. Wieland beide Spiele gewinnen. Deutlich enger ging es im folgenden Einzel zwischen P. Schnitt und Alexander Zick zu. Auch hier musste der f\u00fcnfte Satz die Entscheidung bringen. Beim Stande von 9:10 noch den Matchball abgewehrt, nutze P. Schnitt seinen ersten eigenen Matchball und machte den Sack aus Langenargener Sicht zu. 9:5 stand es nach 3 Stunden und 40 Minuten auf der Anzeigetafel und Mannschaftskapit\u00e4n Gerhard Sauter konnte voller Freude den Siegersekt \u00f6ffnen.<\/p>\n<p style=\"text-align: left;\">Auch die dritte Mannschaft bekam es mit dem SSV Kau zu tun. In der Seldnerhalle war die zweite Mannschaft des SSV Gastgeber. Vor allem Jungstar Tim Wenzel war mir 2 Siegen im Einzel, sowie dem Doppel mit Thilo Steinhilber, der Mann des Tages. Ebenfalls am 9:7 Ausw\u00e4rtssieg beteiligt: Reinhold Kurz (0 Einzel \/ 2 Doppel), Rainer Reusch (1 \/ 0), Michael Meile (0 \/ 2), Thilo Steinhilber (1 \/ 1) und Joachim Weber (2 \/ 0).<\/p>\n<p style=\"text-align: left;\">W\u00e4hrend die Damen-Mannschaft nach ihrem Aufstieg in die Bezirksliga beim 0:8 in Ailingen noch Lehrgeld zahlen musste, zog die vierte Herren-Mannschaft mit einem 9:5 gegen die SV Bergatreute V der \u201eErsten\u201c und \u201eZweiten\u201c nach. Jens Gerhart (1 \/ 1), Paul Arnegger (2 \/ 1), Bernhard Preusche (2 \/ 0), Peter Egner (1 \/ 0), Erne Tot (2 \/ 0) und Marijan Brako (0 \/ 0) waren am Erfolg beteiligt.<\/p>\n<p style=\"text-align: left;\">Auch die neu formierte Jungen-Mannschaft um Spitzenspieler Christoph Sch\u00e4ch (2 \/ 1), Mario Brugger (1 \/ 0), Ben Baltrutsch (0 \/ 0) und Simon Storkenmaier (2 \/ 1) gelang beim 6:3 Sieg in Blitzenreute ein Auftakt nach Ma\u00df.<\/p>\n<p style=\"text-align: left;\">Michael Brendle<\/p>\n","protected":false},"excerpt":{"rendered":"<p>Nach verlorener Relegation letzten April musste um den Klassenerhalt der ersten Mannschaft des TV 02 Langenargen lange gebangt werden. Da aus der h\u00f6heren Bezirksliga niemand in den Bezirk Allg\u00e4u \/ <a class=\"more-link\" href=\"https:\/\/tischtennis-langenargen.de\/?p=4776\">Weiterlesen\u00a0\u2026<\/a><\/p>\n","protected":false},"author":24,"featured_media":0,"comment_status":"closed","ping_status":"closed","sticky":false,"template":"","format":"standard","meta":{"_price":"","_stock":"","_tribe_ticket_header":"","_tribe_default_ticket_provider":"","_tribe_ticket_capacity":"0","_ticket_start_date":"","_ticket_end_date":"","_tribe_ticket_show_description":"","_tribe_ticket_show_not_going":false,"_tribe_ticket_use_global_stock":"","_tribe_ticket_global_stock_level":"","_global_stock_mode":"","_global_stock_cap":"","_tribe_rsvp_for_event":"","_tribe_ticket_going_count":"","_tribe_ticket_not_going_count":"","_tribe_tickets_list":"[]","_tribe_ticket_has_attendee_info_fields":false,"footnotes":""},"categories":[5],"tags":[],"class_list":["post-4776","post","type-post","status-publish","format-standard","hentry","category-spielberichte"],"_links":{"self":[{"href":"https:\/\/tischtennis-langenargen.de\/index.php?rest_route=\/wp\/v2\/posts\/4776","targetHints":{"allow":["GET"]}}],"collection":[{"href":"https:\/\/tischtennis-langenargen.de\/index.php?rest_route=\/wp\/v2\/posts"}],"about":[{"href":"https:\/\/tischtennis-langenargen.de\/index.php?rest_route=\/wp\/v2\/types\/post"}],"author":[{"embeddable":true,"href":"https:\/\/tischtennis-langenargen.de\/index.php?rest_route=\/wp\/v2\/users\/24"}],"replies":[{"embeddable":true,"href":"https:\/\/tischtennis-langenargen.de\/index.php?rest_route=%2Fwp%2Fv2%2Fcomments&post=4776"}],"version-history":[{"count":3,"href":"https:\/\/tischtennis-langenargen.de\/index.php?rest_route=\/wp\/v2\/posts\/4776\/revisions"}],"predecessor-version":[{"id":4779,"href":"https:\/\/tischtennis-langenargen.de\/index.php?rest_route=\/wp\/v2\/posts\/4776\/revisions\/4779"}],"wp:attachment":[{"href":"https:\/\/tischtennis-langenargen.de\/index.php?rest_route=%2Fwp%2Fv2%2Fmedia&parent=4776"}],"wp:term":[{"taxonomy":"category","embeddable":true,"href":"https:\/\/tischtennis-langenargen.de\/index.php?rest_route=%2Fwp%2Fv2%2Fcategories&post=4776"},{"taxonomy":"post_tag","embeddable":true,"href":"https:\/\/tischtennis-langenargen.de\/index.php?rest_route=%2Fwp%2Fv2%2Ftags&post=4776"}],"curies":[{"name":"wp","href":"https:\/\/api.w.org\/{rel}","templated":true}]}}