{"id":5332,"date":"2017-10-04T12:18:30","date_gmt":"2017-10-04T10:18:30","guid":{"rendered":"http:\/\/tischtennis-langenargen.de\/?p=5332"},"modified":"2017-10-04T12:19:33","modified_gmt":"2017-10-04T10:19:33","slug":"erfolgreicher-saisonauftakt","status":"publish","type":"post","link":"https:\/\/tischtennis-langenargen.de\/?p=5332","title":{"rendered":"Erfolgreicher Saisonauftakt"},"content":{"rendered":"<p style=\"text-align: left;\"><strong>Bezirksliga\u00a0\u00a0 Herren I &#8211; <\/strong>Nachdem in der Saison 2017\/2018 die Landesklasse eingef\u00fchrt wurde, spielen die Herren I nun zum ersten Mal in der Bezirksliga. <!--more-->Zum Auftakt ging es nach Weiler und gerieten gleich mit 1:2 in den R\u00fcckstand, wobei das Doppeldrei mit den zwei Nachwuchstalenten Joy Ron Michel\u00a0 \/ Raphael Arnold den Punkt sicherten. Im weiteren Verlauf \u00fcbernahmen die G\u00e4ste das Ruder. Vor allem Michael Brendle erwischte einen super Tag und holte vorne beide Punkte. Weiter erfolgreich waren Gerhard Sauter, Ralf Cornelssen (2), Joy Ron Michel (2) und Raphael Arnold.<\/p>\n<p style=\"text-align: left;\">Nicht zu toppen war das Match in Meckenbeuren. Mit einem klaren und nie gef\u00e4hrdenden 9:0 wurden zwei weitere Punkte gesichert. Mit von der Partie waren Gerhard Sauter, Michael Brendle, Ralf Cornelssen, Matthias, Wieland, Joy Ron Michel und Raphael Arnold.<\/p>\n<p style=\"text-align: left;\"><strong>Kreisliga A\u00a0\u00a0 Herren II <\/strong><\/p>\n<p style=\"text-align: left;\">Auch die Zweite \u201erutschte\u201c durch die zus\u00e4tzliche Klasse von der Kreisliga B in die A. Als ersten Gegner wurde die Mannschaft aus Marktdorf empfangen. Dabei setzten sich die Doppel Christian Hoffmann \/ Volker Enzenh\u00f6fer und Martin Aum\u00fcller \/ Reinhold Kurz durch. Nach einer 7:2 F\u00fchrung sah es nach einem schnellen Sieg aus. Doch die G\u00e4ste gaben nicht auf, verk\u00fcrzten auf 7:5 und es wurde nochmals richtig spannend. Tim Wenzel sicherte mit seinem zweiten Sieg das Unentschieden. Jetzt lag es am hinteren Paarkreuz das Match zu besiegeln, da mit einem Sieg vom Schlussdoppel keiner rechnete. Martin Aum\u00fcller behielt auch in seiner zweiten Begegnung im f\u00fcnften Satz die Nerven und erl\u00f6ste die mitfieberten Mannschaftskollegen. Weitere Punkte lieferten Christian Hoffmann, Volker Enzenh\u00f6fer und Reinhold Kurz.<\/p>\n<p style=\"text-align: left;\">Gegen Weingarten III \u00fcbernahmen Christian Hoffmann \/ Volker Enzenh\u00f6fer die Rolle des Doppeleins und lie\u00dfen nichts anbrennen. Reinhold Kurz \/ Rainer Reusch machten es spannender, setzten sich aber im vierten Satz durch. Einen R\u00fcckschlag erlitt Reinhold Kurz, als er sich im dritten Satz nach einer 2:0 F\u00fchrung verletzte. Damit steht er der Mannschaft auch in den n\u00e4chsten Partien nicht zur Verf\u00fcgung und die Mannschaftskameraden w\u00fcnschen ihm eine schnelle Genesung. Im weiteren Verlauf gaben die Gastgeber kein Spiel mehr ab und sicherten sich den hohen 9:4 Erfolg. Dabei punkteten Christian Hoffmann (2), Volker Enzenh\u00f6fer, Jochen Blankenhorn (2), Tim Wenzel und Rainer Reusch.<\/p>\n<p style=\"text-align: left;\"><strong>Weitere Mannschaftsergebnisse<\/strong><\/p>\n<p style=\"text-align: left;\">Auch die dritte Herrenmannschaft und die Damen starteten erfolgreich in ihren ersten beiden Begegnungen in die Vorrunde. Die Herren III besiegten dabei in einem internen Match die Herren IV mit 9:0 und Weingarten IV mit 9:5. Den Herren IV gelang in der 2. Begegnung gehen Fronhofen II ein Unentschieden. Die Damen waren gegen Urlaub mit einem 8:2 und gegen Schwendi mit einem 8:5 erfolgreich.<\/p>\n<p style=\"text-align: left;\">Dem wollten die Jugendlichen nicht nachstehen. Mit einem 6:2 in Aulendorf gegen deren Dritte und 6:1 gegen Weingarten II. Allerdings tritt die U18 eine Klasse tiefer als in der vorherigen Saison an.<\/p>\n<p style=\"text-align: left;\">JB<\/p>\n","protected":false},"excerpt":{"rendered":"<p>Bezirksliga\u00a0\u00a0 Herren I &#8211; Nachdem in der Saison 2017\/2018 die Landesklasse eingef\u00fchrt wurde, spielen die Herren I nun zum ersten Mal in der Bezirksliga.<\/p>\n","protected":false},"author":4,"featured_media":0,"comment_status":"closed","ping_status":"closed","sticky":false,"template":"","format":"standard","meta":{"_price":"","_stock":"","_tribe_ticket_header":"","_tribe_default_ticket_provider":"","_tribe_ticket_capacity":"0","_ticket_start_date":"","_ticket_end_date":"","_tribe_ticket_show_description":"","_tribe_ticket_show_not_going":false,"_tribe_ticket_use_global_stock":"","_tribe_ticket_global_stock_level":"","_global_stock_mode":"","_global_stock_cap":"","_tribe_rsvp_for_event":"","_tribe_ticket_going_count":"","_tribe_ticket_not_going_count":"","_tribe_tickets_list":"[]","_tribe_ticket_has_attendee_info_fields":false,"footnotes":""},"categories":[5],"tags":[],"class_list":["post-5332","post","type-post","status-publish","format-standard","hentry","category-spielberichte"],"_links":{"self":[{"href":"https:\/\/tischtennis-langenargen.de\/index.php?rest_route=\/wp\/v2\/posts\/5332","targetHints":{"allow":["GET"]}}],"collection":[{"href":"https:\/\/tischtennis-langenargen.de\/index.php?rest_route=\/wp\/v2\/posts"}],"about":[{"href":"https:\/\/tischtennis-langenargen.de\/index.php?rest_route=\/wp\/v2\/types\/post"}],"author":[{"embeddable":true,"href":"https:\/\/tischtennis-langenargen.de\/index.php?rest_route=\/wp\/v2\/users\/4"}],"replies":[{"embeddable":true,"href":"https:\/\/tischtennis-langenargen.de\/index.php?rest_route=%2Fwp%2Fv2%2Fcomments&post=5332"}],"version-history":[{"count":3,"href":"https:\/\/tischtennis-langenargen.de\/index.php?rest_route=\/wp\/v2\/posts\/5332\/revisions"}],"predecessor-version":[{"id":5335,"href":"https:\/\/tischtennis-langenargen.de\/index.php?rest_route=\/wp\/v2\/posts\/5332\/revisions\/5335"}],"wp:attachment":[{"href":"https:\/\/tischtennis-langenargen.de\/index.php?rest_route=%2Fwp%2Fv2%2Fmedia&parent=5332"}],"wp:term":[{"taxonomy":"category","embeddable":true,"href":"https:\/\/tischtennis-langenargen.de\/index.php?rest_route=%2Fwp%2Fv2%2Fcategories&post=5332"},{"taxonomy":"post_tag","embeddable":true,"href":"https:\/\/tischtennis-langenargen.de\/index.php?rest_route=%2Fwp%2Fv2%2Ftags&post=5332"}],"curies":[{"name":"wp","href":"https:\/\/api.w.org\/{rel}","templated":true}]}}