{"id":5800,"date":"2018-05-02T20:12:57","date_gmt":"2018-05-02T18:12:57","guid":{"rendered":"http:\/\/tischtennis-langenargen.de\/?p=5800"},"modified":"2018-05-02T20:16:23","modified_gmt":"2018-05-02T18:16:23","slug":"tischtennisabteilung-zieht-zwischenbilanz","status":"publish","type":"post","link":"https:\/\/tischtennis-langenargen.de\/?p=5800","title":{"rendered":"Tischtennisabteilung zieht Zwischenbilanz"},"content":{"rendered":"<p style=\"text-align: left;\"><strong>Bezirksklasse\u00a0\u00a0 Herren I <\/strong><\/p>\n<p style=\"text-align: left;\">Zwischendurch wurde flei\u00dfig gerechnet und es blieb spannend bis zum Schluss. Denn beim letzten Spiel gegen die \u201cZweite\u201c aus Wagen z\u00e4hlte jeder Satz zum Tabellenverfolger aus Kau. \u201eMindestens drei Begegnungen m\u00fcssen wir gewinnen\u201c, gab Mannschaftsf\u00fchrer Gerhard Sauter vor dem Spielbeginn das Minimalziel vor. <!--more-->Es wurden f\u00fcnf S\u00e4tze und trotz der 5:9 Niederlage reicht es damit f\u00fcr die Relegation, die am 5.5.2018 stattfindet. Die Option zum Aufstieg sicherten das Doppel Christian Hoffmann \/ Tim Wenzel, sowie im Einzel Gerhard Sauter, Ralf Cornelssen, Joy Ron Michel (2).<\/p>\n<p style=\"text-align: left;\">Pokal: Die erste Herrenmannschaft schaffte es bis ins \u201eFinal Four\u201c. Dort unterlagen Sie dem TTF Altshausen II mit 0:4. Bei Spiel um Platz 3 bezwangen Michael Brendle (0\/1), Gerhard Sauter (2\/1) und Ralf Cornelssen die drei Spieler aus Bergatreute mit 4:3.<\/p>\n<p style=\"text-align: left;\">\u201eBei der Relegation werden wir noch einmal alles geben und hoffen auf einen Erfolg, damit wir in der n\u00e4chsten Saison in der Landesklasse spielen k\u00f6nnen\u201c, teilt Michael Brendle mit.<\/p>\n<p style=\"text-align: left;\"><strong>Kreisliga B\u00a0\u00a0 Herren II <\/strong><\/p>\n<p style=\"text-align: left;\">Beim letzten Spiel gegen Meckenbeuren II w\u00fcrden zwei S\u00e4tze f\u00fcr die Relegation um den Aufstieg reichen. \u201eDas sollte machbar sein\u201c, waren die Spieler zuversichtlich. Allerdings musste die \u201eZweite\u201c auf Leistungstr\u00e4ger verzichten. Schon der Start verlief nicht nach Plan. Die beste Chance f\u00fcr den ersten Punkt vergab Jochen Blankenhorn. Hoffnung keimte nochmals nach dem F\u00fcnfsatzsieg von Thilo Steinhilber auf. Aber es sollte nicht reichen. Mit 1:9 rutscht die Herren II auf den vierten Tabellenplatz. \u201eVerspielt haben wir es in Ettenkirch. Bei der ungl\u00fccklichen 7:9 Niederlage mussten wir drei Begegnungen verletzt\/krankheitsbedingt abgeben\u201c, teil ein leicht entt\u00e4uschter Mannschaftsf\u00fchrer Christian Hoffmann mit und f\u00fcgt hinzu: \u201eAllerdings w\u00e4ren wir ohne Verst\u00e4rkung eine Klasse weiter oben stark \u00fcberfordert\u201c. F\u00fcr Nachwuchstalent Tim Wenzel zeichnet sich ein Wechseln in die \u201eErste\u201c ab, dank seinen Erfolgen bei den Herren II und Eins\u00e4tze bei den Herren I.<\/p>\n<p style=\"text-align: left;\"><strong>Kreisklasse C\u00a0\u00a0 Herren III<\/strong><\/p>\n<p style=\"text-align: left;\">Mit den Siegen in den letzten drei Spielen sicherte sich die dritte Mannschaft den 5. Tabellenplatz. Dass der Mannschaftsf\u00fchrer keinen leichten Job hatte, zeigt die Spielerbilanz, auf der zehn Mannschaftspieler\/innen zum Einsatz kamen. \u201eN\u00e4chste Saison planen wir wieder mit einer 6er-Stammmannschaft\u201c, teil Rainer Reusch mit.<\/p>\n<p style=\"text-align: left;\"><strong>Kreisklasse C\u00a0 Herren IV<\/strong><\/p>\n<p style=\"text-align: left;\">Dass es die vierte Mannschaft nach dem Aufstieg nicht leicht haben wird, war jedem klar. Aber die Erfahrung nahmen die Spieler gerne mit und sicherten sich mit dem 8. Tabellenplatz die Relegation. \u201eAm 5. Mai gegen Altshausen VI werden wir nochmals alles geben. Und danach m\u00fcssen wir im Team kl\u00e4ren, wie wir uns n\u00e4chste Saison aufstellen\u201c, gab Paul Arnegger zu Protokoll.<\/p>\n<p style=\"text-align: left;\"><strong>Landesklasse Gr. 8 Damen<\/strong><\/p>\n<p style=\"text-align: left;\">Die R\u00fcckrunde lief nicht zu Gunsten der Damen. So dass sich die Spielerinnen am Saisonende auf dem undankbare 7. Tabellenplatz wiederfanden\u00a0 und die n\u00e4chste Saison voraussichtlich eine Klasse tiefer antreten.<\/p>\n<p style=\"text-align: left;\"><strong>Jugend<\/strong><\/p>\n<p style=\"text-align: left;\">Dadurch dass Joy Ron Michel und Raphael Arnold aus der ersten Herrenmannschaft auch bei der Jugend spielen durften und dabei selbsterkl\u00e4rend erfolgreich aushalfen, war es nicht verwunderlich dass die U18 am Saisonende an der Tabellenspitze zu finden war. Aber auch Christoph Sch\u00e4ch (eine Niederlage) und Neuzugang Simon Storkenmaier (ohne Niederlage) waren ma\u00dfgeblich am 20:0 Mannschaftserfolg beteiligt.<\/p>\n<p style=\"text-align: left;\">JB<\/p>\n","protected":false},"excerpt":{"rendered":"<p>Bezirksklasse\u00a0\u00a0 Herren I Zwischendurch wurde flei\u00dfig gerechnet und es blieb spannend bis zum Schluss. Denn beim letzten Spiel gegen die \u201cZweite\u201c aus Wagen z\u00e4hlte jeder Satz zum Tabellenverfolger aus Kau. <a class=\"more-link\" href=\"https:\/\/tischtennis-langenargen.de\/?p=5800\">Weiterlesen\u00a0\u2026<\/a><\/p>\n","protected":false},"author":4,"featured_media":0,"comment_status":"closed","ping_status":"closed","sticky":false,"template":"","format":"standard","meta":{"_price":"","_stock":"","_tribe_ticket_header":"","_tribe_default_ticket_provider":"","_tribe_ticket_capacity":"0","_ticket_start_date":"","_ticket_end_date":"","_tribe_ticket_show_description":"","_tribe_ticket_show_not_going":false,"_tribe_ticket_use_global_stock":"","_tribe_ticket_global_stock_level":"","_global_stock_mode":"","_global_stock_cap":"","_tribe_rsvp_for_event":"","_tribe_ticket_going_count":"","_tribe_ticket_not_going_count":"","_tribe_tickets_list":"[]","_tribe_ticket_has_attendee_info_fields":false,"footnotes":""},"categories":[13,5],"tags":[],"class_list":["post-5800","post","type-post","status-publish","format-standard","hentry","category-news","category-spielberichte"],"_links":{"self":[{"href":"https:\/\/tischtennis-langenargen.de\/index.php?rest_route=\/wp\/v2\/posts\/5800","targetHints":{"allow":["GET"]}}],"collection":[{"href":"https:\/\/tischtennis-langenargen.de\/index.php?rest_route=\/wp\/v2\/posts"}],"about":[{"href":"https:\/\/tischtennis-langenargen.de\/index.php?rest_route=\/wp\/v2\/types\/post"}],"author":[{"embeddable":true,"href":"https:\/\/tischtennis-langenargen.de\/index.php?rest_route=\/wp\/v2\/users\/4"}],"replies":[{"embeddable":true,"href":"https:\/\/tischtennis-langenargen.de\/index.php?rest_route=%2Fwp%2Fv2%2Fcomments&post=5800"}],"version-history":[{"count":2,"href":"https:\/\/tischtennis-langenargen.de\/index.php?rest_route=\/wp\/v2\/posts\/5800\/revisions"}],"predecessor-version":[{"id":5802,"href":"https:\/\/tischtennis-langenargen.de\/index.php?rest_route=\/wp\/v2\/posts\/5800\/revisions\/5802"}],"wp:attachment":[{"href":"https:\/\/tischtennis-langenargen.de\/index.php?rest_route=%2Fwp%2Fv2%2Fmedia&parent=5800"}],"wp:term":[{"taxonomy":"category","embeddable":true,"href":"https:\/\/tischtennis-langenargen.de\/index.php?rest_route=%2Fwp%2Fv2%2Fcategories&post=5800"},{"taxonomy":"post_tag","embeddable":true,"href":"https:\/\/tischtennis-langenargen.de\/index.php?rest_route=%2Fwp%2Fv2%2Ftags&post=5800"}],"curies":[{"name":"wp","href":"https:\/\/api.w.org\/{rel}","templated":true}]}}